{"id":424,"count":1,"description":"","link":"https:\/\/denizbasibuyuk.com\/tr\/tag\/fakir-baykurt-oyku-yarismasi-tr\/","name":"Fakir Baykurt \u00d6yk\u00fc Yar\u0131\u015fmas\u0131","slug":"fakir-baykurt-oyku-yarismasi-tr","taxonomy":"post_tag","meta":[],"_links":{"self":[{"href":"https:\/\/denizbasibuyuk.com\/tr\/wp-json\/wp\/v2\/tags\/424","targetHints":{"allow":["GET"]}}],"collection":[{"href":"https:\/\/denizbasibuyuk.com\/tr\/wp-json\/wp\/v2\/tags"}],"about":[{"href":"https:\/\/denizbasibuyuk.com\/tr\/wp-json\/wp\/v2\/taxonomies\/post_tag"}],"wp:post_type":[{"href":"https:\/\/denizbasibuyuk.com\/tr\/wp-json\/wp\/v2\/posts?tags=424"}],"curies":[{"name":"wp","href":"https:\/\/api.w.org\/{rel}","templated":true}]}}